{"id":263,"date":"2025-01-27T15:26:40","date_gmt":"2025-01-27T14:26:40","guid":{"rendered":"http:\/\/www.probuergerpark.de\/?p=263"},"modified":"2025-01-27T15:26:40","modified_gmt":"2025-01-27T14:26:40","slug":"infoveranstaltung-in-der-michaelsgemeinde","status":"publish","type":"post","link":"http:\/\/www.probuergerpark.de\/?p=263","title":{"rendered":"Infoveranstaltung in der Michaelsgemeinde"},"content":{"rendered":"\n<p><div class=\"off-canvas-wrap\" data-offcanvas=\"\"><div class=\"inner-wrap\"><div class=\"page-wrapper\"><section><div class=\"content\"><div id=\"c5\" class=\"csc-default csc-space-before-15  full-width\"><div class=\"news news-single\"><div class=\"article\"><div class=\"full-width overlay-container\"><div><div class=\"overlay\"><div class=\"row\"><div class=\"large-12 medium-12 columns newsbackground\"><div class=\"header\"> BVM und die BI B\u00fcrgerpark luden zur   <p class=\"bodytext\">Informationsveranstaltung am Do. 21. Jan. in den Gemeindesaal der Michaelsgemeinde.  Wir wollten \u00fcber den Stand des  Normenkontrollverfahrens gegen die Bebauung des B\u00fcrgerparks und die  weiteren m\u00f6glichen Schritte informieren. 60 interessierte Unterst\u00fctzer nahmen den Termin  wahr, bei dem Peter Scmidt einf\u00fchrende Worte sprach und Alexander Pfaff  vom Bayerischen Biergraten und der sachverst\u00e4ndige Architekt Max Oeter  Details zum aktuellen Stand des Verfahrens Ausk\u00fcnft gaben.Weitere Infos zur Veranstaltung finden Sie <a title=\"Initiates file download\" class=\"download\" href=\"https:\/\/bvm-da.de\/fileadmin\/user_upload\/Infoveranst_Buergerpark_2025.pdf\" target=\"_blank\" rel=\"noopener\"><b>hier&#8230;<\/b><\/a> <\/p><\/div><\/div><\/div><\/div><\/div><\/div><\/div><\/div><\/div><\/div><\/section><\/div><\/div><\/div> <\/p>\n","protected":false},"excerpt":{"rendered":"<p>BVM und die BI B\u00fcrgerpark luden zur Informationsveranstaltung am Do. 21. Jan. in den Gemeindesaal der Michaelsgemeinde. Wir wollten \u00fcber den Stand des Normenkontrollverfahrens gegen die Bebauung des B\u00fcrgerparks und die weiteren m\u00f6glichen Schritte informieren. 60 interessierte Unterst\u00fctzer nahmen den Termin wahr, bei dem Peter Scmidt einf\u00fchrende Worte sprach und Alexander Pfaff vom Bayerischen Biergraten &hellip; <\/p>\n<p class=\"link-more\"><a href=\"http:\/\/www.probuergerpark.de\/?p=263\" class=\"more-link\"><span class=\"screen-reader-text\">\u201eInfoveranstaltung in der Michaelsgemeinde\u201c <\/span>weiterlesen<\/a><\/p>\n","protected":false},"author":48,"featured_media":0,"comment_status":"open","ping_status":"open","sticky":false,"template":"","format":"standard","meta":{"footnotes":""},"categories":[1],"tags":[],"_links":{"self":[{"href":"http:\/\/www.probuergerpark.de\/index.php?rest_route=\/wp\/v2\/posts\/263"}],"collection":[{"href":"http:\/\/www.probuergerpark.de\/index.php?rest_route=\/wp\/v2\/posts"}],"about":[{"href":"http:\/\/www.probuergerpark.de\/index.php?rest_route=\/wp\/v2\/types\/post"}],"author":[{"embeddable":true,"href":"http:\/\/www.probuergerpark.de\/index.php?rest_route=\/wp\/v2\/users\/48"}],"replies":[{"embeddable":true,"href":"http:\/\/www.probuergerpark.de\/index.php?rest_route=%2Fwp%2Fv2%2Fcomments&post=263"}],"version-history":[{"count":1,"href":"http:\/\/www.probuergerpark.de\/index.php?rest_route=\/wp\/v2\/posts\/263\/revisions"}],"predecessor-version":[{"id":264,"href":"http:\/\/www.probuergerpark.de\/index.php?rest_route=\/wp\/v2\/posts\/263\/revisions\/264"}],"wp:attachment":[{"href":"http:\/\/www.probuergerpark.de\/index.php?rest_route=%2Fwp%2Fv2%2Fmedia&parent=263"}],"wp:term":[{"taxonomy":"category","embeddable":true,"href":"http:\/\/www.probuergerpark.de\/index.php?rest_route=%2Fwp%2Fv2%2Fcategories&post=263"},{"taxonomy":"post_tag","embeddable":true,"href":"http:\/\/www.probuergerpark.de\/index.php?rest_route=%2Fwp%2Fv2%2Ftags&post=263"}],"curies":[{"name":"wp","href":"https:\/\/api.w.org\/{rel}","templated":true}]}}