{"id":247,"date":"2025-01-04T14:54:10","date_gmt":"2025-01-04T13:54:10","guid":{"rendered":"http:\/\/www.probuergerpark.de\/?p=247"},"modified":"2025-01-04T14:59:13","modified_gmt":"2025-01-04T13:59:13","slug":"der-sieg-zum-greifen-nah","status":"publish","type":"post","link":"http:\/\/www.probuergerpark.de\/?p=247","title":{"rendered":"Der Sieg zum Greifen nah!"},"content":{"rendered":"\n<figure class=\"wp-block-image size-full\"><img loading=\"lazy\" decoding=\"async\" width=\"288\" height=\"191\" src=\"http:\/\/www.probuergerpark.de\/wp-content\/uploads\/2025\/01\/grafik.png\" alt=\"\" class=\"wp-image-249\"\/><\/figure>\n\n\n\n<p>W\u00e4re da nicht das Sprichwort \u201cAuf hoher See und vor Gericht bist du in Gottes Hand\u201d, g\u00e4be es eigentlich kaum noch einen Grund, daran zu zweifeln, dass der BVM, der Wirt des Bayerischen Biergartens und die BI ProB\u00fcrgerpark das Verfahren um die geplante Wohnbebauung im B\u00fcrgerpark gewinnen werden. Das jedenfalls ist der Schluss, der sp\u00e4testens seit dem Vorliegen der von den Projektgegnern beauftragten \u201cschalltechnischen Stellungnahme\u201d, auf der Hand liegt. Diese f\u00f6rderte nizcht nur etliche formale Fehler des Bebauungsplans zutage, sondern widerlegt auch nahezu alle Kernaussagen des Schallgutachtens und zeigt obendrein auch gravierende M\u00e4ngel der von den Investoren vorgelegten Verkehrsuntersuchung auf.<br><strong>5 Jahre b\u00fcrgerlicher Widerstand<\/strong><br>\u00dcber f\u00fcnf Jahre ist es nun her, dass das Darmst\u00e4dter Echo am 19. August 2019 erstmals \u00fcber das Ergebnis der Bauauschu\u00df-Sitzung berichtete, die dieses Bauvorhaben erstmals \u00f6ffentlich machte, nachdem sie zuvor schon \u00fcber Monate heimlich hinter verschlossenen T\u00fcren vorbereitet worden war. Keine Woche dauerte es daraufhin, bis die B\u00fcrgerinitiative ProB\u00fcrgerpark sich formierte und zur folgenden Stavo-Sitzung ihre ersten Flugbl\u00e4tter verteilte. Nach vergeblichen Versuchen, das Projekt politisch zu verhindern, reichten die Projektgegner im Jahr 2022 schlie\u00dflich zwei Normenkontrollantr\u00e4ge beim Hessischen Verwaltungsgerichtshof in Kassel ein, \u00fcber die hoffentlich im n\u00e4chsten Jahr entschieden wird.<strong><br>Enorme Ressourcen- und Mittelverschwendung<\/strong><br>Wenigstens 60.000 \u20ac wird all das allein den BVM kosten \u2013 ein Betrag, den er nur durch Spenden und Treuhandeinlagen von engagierten B\u00fcrgern aufbringen kann. Beim Wirt des Bayerischen Biergartens schl\u00e4gt das Verfahren vermutlich mit \u00e4hnlichen Summen zu Buche, von den finanziellen Einbu\u00dfen der Investoren und dem Aufwand, den das alles bei der Stadt bereitete, ganz zu schweigen. Dar\u00fcber hinaus wurden im Hinblick auf das Projekt \u00fcber 70 gesch\u00fctzte B\u00e4u mit Duldung oder Zustimmung der Stadt gef\u00e4llt, so dass sich das Gel\u00e4nde heute als nackte Ein\u00f6de pr\u00e4sentiert. Obendrein hat es einen Keil in die Stadtgesellschaft getrieben und war letztlich wohl auch einer der \u201eSargn\u00e4gel\u201c bei der OB-Kandidatur von Michael Kolmer, als damals in jeder Hinsicht verantwortlichem Dezernenten f\u00fcr die Gr\u00fcnen. Dass dennoch nicht allein er es war, der dieses Projekt unbedingt wollte, ist stadtbekannt. Die Frage, warum das so war, wird sich aber letztlich wohl nie beantworten lassen. Am Ende soll alles gut werden!<br><strong>Die zweite Chance f\u00fcr die Stadt!<\/strong><br>Gebaut wurde bisher nichts und wird vermutlich auch nicht vor der Entscheidung des Verwaltungsgerichtshofs. Am Ende wird dann mutma\u00dflich gerichtlich entschieden, dass der Bebauungsplan mit geltendem Recht nicht vereinbar ist. Dann wird es bei der Stadt liegen, auch noch den Fl\u00e4chennutzungsplan zur\u00fcckzufahren und so den Weg frei zu machen f\u00fcr einen Erwerb des dann nahezu wertlosen Gel\u00e4ndes, um es anschlie\u00dfend in den B\u00fcrgerpark integrieren zu k\u00f6nnen. Damit st\u00fcnde sie wieder am gleichen Punkt wie 1989, als das Gel\u00e4nde zum Verkauf stand und man wegen leerer Stadtkassen entschied, auf das st\u00e4dtische Vorkaufsrecht zu verzichten. Dabei w\u00e4re der Erwerb dieser Fl\u00e4chen f\u00fcr die Realisierung des Bebauungsplans B\u00fcrgerpark unverzichtbar gewesen. Ein Gerichtsentscheid im Sinne der Projektgegner w\u00fcrde hierzu die zweite Chance bieten!<\/p>\n\n\n\n<p>Max Oeter und Peter Schmidt<br><\/p>\n\n\n\n<figure class=\"wp-block-image size-full\"><img loading=\"lazy\" decoding=\"async\" width=\"276\" height=\"146\" src=\"http:\/\/www.probuergerpark.de\/wp-content\/uploads\/2025\/01\/grafik-1.png\" alt=\"\" class=\"wp-image-251\"\/><\/figure>\n\n\n\n<p><strong>\u00d6ffentlichkeitsveranstaltung<\/strong> zum Thema am <br><strong>Do. 23. Jan. 2025<\/strong> ab 18:00 Uhr <br>im <strong>Gemeindesaal der Michaelsgemeinde<\/strong><\/p>\n","protected":false},"excerpt":{"rendered":"<p>W\u00e4re da nicht das Sprichwort \u201cAuf hoher See und vor Gericht bist du in Gottes Hand\u201d, g\u00e4be es eigentlich kaum noch einen Grund, daran zu zweifeln, dass der BVM, der Wirt des Bayerischen Biergartens und die BI ProB\u00fcrgerpark das Verfahren um die geplante Wohnbebauung im B\u00fcrgerpark gewinnen werden. Das jedenfalls ist der Schluss, der sp\u00e4testens &hellip; <\/p>\n<p class=\"link-more\"><a href=\"http:\/\/www.probuergerpark.de\/?p=247\" class=\"more-link\"><span class=\"screen-reader-text\">\u201eDer Sieg zum Greifen nah!\u201c <\/span>weiterlesen<\/a><\/p>\n","protected":false},"author":48,"featured_media":0,"comment_status":"open","ping_status":"open","sticky":true,"template":"","format":"standard","meta":{"footnotes":""},"categories":[1],"tags":[],"_links":{"self":[{"href":"http:\/\/www.probuergerpark.de\/index.php?rest_route=\/wp\/v2\/posts\/247"}],"collection":[{"href":"http:\/\/www.probuergerpark.de\/index.php?rest_route=\/wp\/v2\/posts"}],"about":[{"href":"http:\/\/www.probuergerpark.de\/index.php?rest_route=\/wp\/v2\/types\/post"}],"author":[{"embeddable":true,"href":"http:\/\/www.probuergerpark.de\/index.php?rest_route=\/wp\/v2\/users\/48"}],"replies":[{"embeddable":true,"href":"http:\/\/www.probuergerpark.de\/index.php?rest_route=%2Fwp%2Fv2%2Fcomments&post=247"}],"version-history":[{"count":3,"href":"http:\/\/www.probuergerpark.de\/index.php?rest_route=\/wp\/v2\/posts\/247\/revisions"}],"predecessor-version":[{"id":252,"href":"http:\/\/www.probuergerpark.de\/index.php?rest_route=\/wp\/v2\/posts\/247\/revisions\/252"}],"wp:attachment":[{"href":"http:\/\/www.probuergerpark.de\/index.php?rest_route=%2Fwp%2Fv2%2Fmedia&parent=247"}],"wp:term":[{"taxonomy":"category","embeddable":true,"href":"http:\/\/www.probuergerpark.de\/index.php?rest_route=%2Fwp%2Fv2%2Fcategories&post=247"},{"taxonomy":"post_tag","embeddable":true,"href":"http:\/\/www.probuergerpark.de\/index.php?rest_route=%2Fwp%2Fv2%2Ftags&post=247"}],"curies":[{"name":"wp","href":"https:\/\/api.w.org\/{rel}","templated":true}]}}