{"id":230,"date":"2023-10-11T00:01:14","date_gmt":"2023-10-10T22:01:14","guid":{"rendered":"http:\/\/www.probuergerpark.de\/?p=230"},"modified":"2023-10-11T00:04:59","modified_gmt":"2023-10-10T22:04:59","slug":"buergerversammlung-auf-dem-riegerplatz","status":"publish","type":"post","link":"http:\/\/www.probuergerpark.de\/?p=230","title":{"rendered":"B\u00fcrgerversammlung auf dem Riegerplatz"},"content":{"rendered":"\n<p>BVM und die BI B\u00fcrgerpark laden auch ganz herzlich ein zur<\/p>\n\n\n\n<p><a href=\"https:\/\/www.facebook.com\/B%C3%BCrgerversammlung-275432295947506\/?__cft__[0]=AZXTzXBtWfTWqcShYnU7VGxMdZzQ9NOHRAp5_29kRa0dDcvY02VJFseN7ZQSSUzGaks_Me7hNygmlpSxkLVwpcNUe0ijt419B2jzgtKnF8_6wFZOe_INTFtnWaDCAx5aBL5r6lw5o4TISwygtHsXojTG&amp;__tn__=kK-R\">B\u00fcrgerversammlung<\/a><\/p>\n\n\n\n<p>am Do. 19. Okt.ab 17 Uhr<\/p>\n\n\n\n<p>auf dem Riegerplatz<\/p>\n\n\n\n<p>Wir <a><\/a>m\u00f6chten Euch \u00fcber den Stand des Normenkontrollverfahrens gegen die Bebauung des B\u00fcrgerparks und die weiteren m\u00f6glichen Schritte informieren.<\/p>\n\n\n\n<p>Bitte kommt zahlreich und sagt Euren Nachbarn Bescheid!<\/p>\n\n\n\n<p>Nur gemeinsam k\u00f6nnen wir etwas bewegen!!!<\/p>\n\n\n\n<figure class=\"wp-block-image size-large is-resized\"><img loading=\"lazy\" decoding=\"async\" src=\"http:\/\/www.probuergerpark.de\/wp-content\/uploads\/2023\/10\/CCF10102023_0001_RS-1-192x400.jpg\" alt=\"\" class=\"wp-image-235\" width=\"421\" height=\"879\" srcset=\"http:\/\/www.probuergerpark.de\/wp-content\/uploads\/2023\/10\/CCF10102023_0001_RS-1-192x400.jpg 192w, http:\/\/www.probuergerpark.de\/wp-content\/uploads\/2023\/10\/CCF10102023_0001_RS-1-144x300.jpg 144w, http:\/\/www.probuergerpark.de\/wp-content\/uploads\/2023\/10\/CCF10102023_0001_RS-1-768x1603.jpg 768w, http:\/\/www.probuergerpark.de\/wp-content\/uploads\/2023\/10\/CCF10102023_0001_RS-1-736x1536.jpg 736w, http:\/\/www.probuergerpark.de\/wp-content\/uploads\/2023\/10\/CCF10102023_0001_RS-1-981x2048.jpg 981w, http:\/\/www.probuergerpark.de\/wp-content\/uploads\/2023\/10\/CCF10102023_0001_RS-1.jpg 1176w\" sizes=\"(max-width: 421px) 100vw, 421px\" \/><\/figure>\n","protected":false},"excerpt":{"rendered":"<p>BVM und die BI B\u00fcrgerpark laden auch ganz herzlich ein zur B\u00fcrgerversammlung am Do. 19. Okt.ab 17 Uhr auf dem Riegerplatz Wir m\u00f6chten Euch \u00fcber den Stand des Normenkontrollverfahrens gegen die Bebauung des B\u00fcrgerparks und die weiteren m\u00f6glichen Schritte informieren. Bitte kommt zahlreich und sagt Euren Nachbarn Bescheid! Nur gemeinsam k\u00f6nnen wir etwas bewegen!!!<\/p>\n","protected":false},"author":48,"featured_media":231,"comment_status":"open","ping_status":"open","sticky":true,"template":"","format":"standard","meta":{"footnotes":""},"categories":[1],"tags":[],"_links":{"self":[{"href":"http:\/\/www.probuergerpark.de\/index.php?rest_route=\/wp\/v2\/posts\/230"}],"collection":[{"href":"http:\/\/www.probuergerpark.de\/index.php?rest_route=\/wp\/v2\/posts"}],"about":[{"href":"http:\/\/www.probuergerpark.de\/index.php?rest_route=\/wp\/v2\/types\/post"}],"author":[{"embeddable":true,"href":"http:\/\/www.probuergerpark.de\/index.php?rest_route=\/wp\/v2\/users\/48"}],"replies":[{"embeddable":true,"href":"http:\/\/www.probuergerpark.de\/index.php?rest_route=%2Fwp%2Fv2%2Fcomments&post=230"}],"version-history":[{"count":4,"href":"http:\/\/www.probuergerpark.de\/index.php?rest_route=\/wp\/v2\/posts\/230\/revisions"}],"predecessor-version":[{"id":237,"href":"http:\/\/www.probuergerpark.de\/index.php?rest_route=\/wp\/v2\/posts\/230\/revisions\/237"}],"wp:featuredmedia":[{"embeddable":true,"href":"http:\/\/www.probuergerpark.de\/index.php?rest_route=\/wp\/v2\/media\/231"}],"wp:attachment":[{"href":"http:\/\/www.probuergerpark.de\/index.php?rest_route=%2Fwp%2Fv2%2Fmedia&parent=230"}],"wp:term":[{"taxonomy":"category","embeddable":true,"href":"http:\/\/www.probuergerpark.de\/index.php?rest_route=%2Fwp%2Fv2%2Fcategories&post=230"},{"taxonomy":"post_tag","embeddable":true,"href":"http:\/\/www.probuergerpark.de\/index.php?rest_route=%2Fwp%2Fv2%2Ftags&post=230"}],"curies":[{"name":"wp","href":"https:\/\/api.w.org\/{rel}","templated":true}]}}