{"id":226,"date":"2023-09-29T16:28:03","date_gmt":"2023-09-29T14:28:03","guid":{"rendered":"http:\/\/www.probuergerpark.de\/?p=226"},"modified":"2023-09-29T16:28:03","modified_gmt":"2023-09-29T14:28:03","slug":"faz-gruene-lassen-landschaftsfrevel-zu","status":"publish","type":"post","link":"http:\/\/www.probuergerpark.de\/?p=226","title":{"rendered":"<strong>FAZ: &#8222;Gr\u00fcne lassen Landschaftsfrevel zu&#8220;<\/strong>"},"content":{"rendered":"\n<p><strong>B\u00fcrgerschaft k\u00e4mpft und zahlt f\u00fcr Erhalt von Gr\u00fcnfl\u00e4chen<\/strong><\/p>\n\n\n\n<p class=\"has-black-color has-text-color\">\u201e<em>Gr\u00fcne lassen Landschaftsfrevel zu\u201c<\/em>,  so titelte die Frankfurter Allgemeine Zeitung (FAZ) in ihrer Online-Ausgabe am 15.03.2023 einen umfangreichen Bericht, der so beginnt: <em>&#8222;Seit Jahren k\u00e4mpfen die Bewohner des Darmst\u00e4dter Martinsviertels f\u00fcr den Erhalt des B\u00fcrgerparks. Sogar eine Normenkontrollklage haben der Bezirksverein Martinsviertel und der Wirt eines dort ans\u00e4ssigen Biergartens eingereicht.\u201c Im Text steht weiter: &#8222;Peter Schmidt, fr\u00fcher als Gr\u00fcner t\u00e4tig und Darmst\u00e4dter Stadtrat sowie der Architekt und Gutachter des B\u00fcrgervereins Maximilian Oeter verstehen die Welt nicht mehr. Sie fragen, wie eine von den Gr\u00fcnen getragene Stadtregierung \u201aeinen derartigen Landschaftsfrevel\u2018 zulassen kann und den Bau von hochpreisigem Wohnraum auch noch bef\u00fcrworten k\u00f6nne.&#8220;<\/em><\/p>\n\n\n\n<p>Im Text, der am Weinstand des BVM bei der Kerb zu erhalten ist, wird fortgefahren: <em>&#8222;Das gesamte Projekt hat eine lange Geschichte und es gab in der Vergangenheit wohl auch Gesetzesverst\u00f6\u00dfe, die von der Verwaltung nicht geahndet wurden. So gibt es einen Vertrag aus dem Jahr 1989 mit dem damaligen Eigent\u00fcmer des Areals, in dem eine Gemeinwohlbindung festgeschrieben ist. Der Bebauungsplan von damals weist das Areal dem B\u00fcrgerpark zu. Der mit 19 Personen besetzte st\u00e4dtische Naturschutzbeirat hat das geplante Bauprojekt mit Blick auf Landschaftsschutz und Bodenversiegelung abgelehnt. Dennoch wurden inzwischen laut B\u00fcrgerinitiative 70 von 77 alten B\u00e4umen gef\u00e4llt.&#8220; <\/em>33 dieser B\u00e4ume wurden wohl mit Genehmigung der Stadt erst Ende Februar dieses Jahres gef\u00e4llt f\u00fcr ein Baugebiet, bei dem noch nicht einmal feststeht, ob es jemals bebaut werden darf. Der Sprecher der Investoren bestreitet einfach, dass hier \u00fcberhaupt B\u00e4ume gef\u00e4llt worden seien, obwohl das Titelbild dieses Artikels dies sogar klar belegt.<\/p>\n\n\n\n<p><strong>B\u00fcrgerlicher Widerstand als Darmst\u00e4dter Tradition<\/strong><\/p>\n\n\n\n<p>In den 1970er-Jahren wollte der damals SPD-gef\u00fchrte Magistrat die Osttangente als 4-spurige Schneise durch das Martinsviertel brechen. Verhindert hat dies damals allein der massive b\u00fcrgerliche Widerstand.<\/p>\n\n\n\n<p>Als 2011 die geplante Nordostumgehung und das in direkter Nachbarschaft der russischen Kapelle vorgesehene Sander-Museum abgeplant wurden, folgte der damals frischgebackene OB Jochen Partsch damit dem Willen der Darmst\u00e4dter Bev\u00f6lkerung.<\/p>\n\n\n\n<p>Nun ist es wieder soweit, aber diesmal trifft es die Gr\u00fcnen selbst. Darmstadts B\u00fcrger wehren sich gegen eine \u201eWohnsiedlung f\u00fcr Besserverdienende\u201c, f\u00fcr die ein Teil ihres B\u00fcrgerparks \u201egeopfert\u201c werden soll, der eigentlich dringend f\u00fcr die Erweiterung des Parks im Hinblick auf die geplante Messplatzbebauung mit ca. 1.000 Einwohnern gebraucht w\u00fcrde.<\/p>\n\n\n\n<p>Durch den Bezirksverein in Vertretung der Martinsviertler B\u00fcrger und durch den Wirt des Bayerischen Biergartens sind mittlerweile gleich zwei Normenkontrollantr\u00e4ge mit Kosten von jeweils 40-50 tsd. Euro eingereicht.<\/p>\n\n\n\n<p>Die Stadt beruft sich immer wieder darauf, dass das Gel\u00e4nde am Rande des B\u00fcrgerparks l\u00e4ge und eigentlich gar nicht zu diesem geh\u00f6re, obwohl es sich tats\u00e4chlich sogar genau um das \u201eFiletst\u00fcck\u201c handelt, das erforderlich w\u00e4re, um den zentralen B\u00fcrgerpark offen mit dem n\u00f6rdlichen B\u00fcrgerpark zu verbinden. Zudem beruft sich die Stadt darauf, dass dieses Gel\u00e4nde \u201eauch in der Vergangenheit niemals \u00f6ffentlich zug\u00e4nglich\u201c gewesen sei, was der Bezirksverein damit kontert, dass das Gel\u00e4nde, wenn die Stadt jemals ihre Rechte aus dem oben genannten Vertrag geltend gemacht h\u00e4tte, vermutlich schon l\u00e4ngst h\u00e4tte erworben und in den B\u00fcrgerpark eingegliedert werden k\u00f6nnen. Zudem stellt der Anwalt des Bezirksvereins in der Begr\u00fcndung des Verfahrens fest, dass der Bebauungsplan und der zugrundeliegende Fl\u00e4chennutzungsplan ohnehin unzul\u00e4ssig seien, da sie dem Regionalplan und damit h\u00f6herrangigem Recht widersprechen. Wie der Hessische Verwaltungsgerichtshof in Kassel entscheiden wird, bleibt voller Spannung abzuwarten.<\/p>\n\n\n\n<p>Als Fazit bleibt jedenfalls, dass es oft eben doch die verhinderten Bauma\u00dfnahmen sind, die den pr\u00e4genden Charakter einer Stadt ausmachen.<\/p>\n\n\n\n<p><strong>Appell an Claus Wisser<\/strong><\/p>\n\n\n\n<p>Hauptinvestor des \u201eProjekts Kastanienallee am Teich\u201c ist Claus Wisser, Unternehmer, Sozialdemokrat, Kultursponsor und Gr\u00fcnder eines der gr\u00f6\u00dften deutschen Dienstleistungsunternehmen WISAG AG. Das Unternehmensleitbild der WISAG AG lautet: \u201e<em>Als Familienunternehmen \u00fcbernimmt die WISAG Verantwortung gegen\u00fcber der Gesellschaft.\u201c<\/em> Deshalb unsere Bitte als B\u00fcrgerverein: Herr Wisser, geben Sie Ihr Eigentum im B\u00fcrgerpark als Gr\u00fcn- und Freizeitfl\u00e4che der gesamten B\u00fcrgerschaft Darmstadts als Geschenk. Sie haben dank Ihres unternehmerischen Erfolges die M\u00f6glichkeit dazu! Die B\u00fcrger:innen unserer Stadt werden es Ihnen danken!!<\/p>\n\n\n\n<p>(PS \/ MO)<\/p>\n\n\n\n<p>Treuhandkonto:<br>Bezirksverein Martinsviertel<br>IBAN: DE39 5085 0150 0000 8520 74<br>Sparkasse Darmstadt<\/p>\n\n\n\n<p>Spendenkonto:<br>Peter Schmidt<br>IBAN: DE12 5009 0500 0200 7612 88<br>Sparda Bank<\/p>\n\n\n\n<p>Betreff bei beiden Konten:B\u00fcrgerpark<\/p>\n\n\n\n<p>Treuhandvertrag:<br><a href=\"http:\/\/www.bvm-da.de\/\">www.bvm-da.de<\/a><br>Infothek und Aktuelles<\/p>\n","protected":false},"excerpt":{"rendered":"<p>B\u00fcrgerschaft k\u00e4mpft und zahlt f\u00fcr Erhalt von Gr\u00fcnfl\u00e4chen \u201eGr\u00fcne lassen Landschaftsfrevel zu\u201c, so titelte die Frankfurter Allgemeine Zeitung (FAZ) in ihrer Online-Ausgabe am 15.03.2023 einen umfangreichen Bericht, der so beginnt: &#8222;Seit Jahren k\u00e4mpfen die Bewohner des Darmst\u00e4dter Martinsviertels f\u00fcr den Erhalt des B\u00fcrgerparks. Sogar eine Normenkontrollklage haben der Bezirksverein Martinsviertel und der Wirt eines dort &hellip; <\/p>\n<p class=\"link-more\"><a href=\"http:\/\/www.probuergerpark.de\/?p=226\" class=\"more-link\"><span class=\"screen-reader-text\">\u201e<strong>FAZ: &#8222;Gr\u00fcne lassen Landschaftsfrevel zu&#8220;<\/strong>\u201c <\/span>weiterlesen<\/a><\/p>\n","protected":false},"author":48,"featured_media":227,"comment_status":"open","ping_status":"open","sticky":true,"template":"","format":"standard","meta":{"footnotes":""},"categories":[1],"tags":[],"_links":{"self":[{"href":"http:\/\/www.probuergerpark.de\/index.php?rest_route=\/wp\/v2\/posts\/226"}],"collection":[{"href":"http:\/\/www.probuergerpark.de\/index.php?rest_route=\/wp\/v2\/posts"}],"about":[{"href":"http:\/\/www.probuergerpark.de\/index.php?rest_route=\/wp\/v2\/types\/post"}],"author":[{"embeddable":true,"href":"http:\/\/www.probuergerpark.de\/index.php?rest_route=\/wp\/v2\/users\/48"}],"replies":[{"embeddable":true,"href":"http:\/\/www.probuergerpark.de\/index.php?rest_route=%2Fwp%2Fv2%2Fcomments&post=226"}],"version-history":[{"count":1,"href":"http:\/\/www.probuergerpark.de\/index.php?rest_route=\/wp\/v2\/posts\/226\/revisions"}],"predecessor-version":[{"id":228,"href":"http:\/\/www.probuergerpark.de\/index.php?rest_route=\/wp\/v2\/posts\/226\/revisions\/228"}],"wp:featuredmedia":[{"embeddable":true,"href":"http:\/\/www.probuergerpark.de\/index.php?rest_route=\/wp\/v2\/media\/227"}],"wp:attachment":[{"href":"http:\/\/www.probuergerpark.de\/index.php?rest_route=%2Fwp%2Fv2%2Fmedia&parent=226"}],"wp:term":[{"taxonomy":"category","embeddable":true,"href":"http:\/\/www.probuergerpark.de\/index.php?rest_route=%2Fwp%2Fv2%2Fcategories&post=226"},{"taxonomy":"post_tag","embeddable":true,"href":"http:\/\/www.probuergerpark.de\/index.php?rest_route=%2Fwp%2Fv2%2Ftags&post=226"}],"curies":[{"name":"wp","href":"https:\/\/api.w.org\/{rel}","templated":true}]}}