{"id":131,"date":"2021-02-22T10:28:00","date_gmt":"2021-02-22T09:28:00","guid":{"rendered":"http:\/\/www.probuergerpark.de\/?p=131"},"modified":"2021-02-22T10:28:00","modified_gmt":"2021-02-22T09:28:00","slug":"bi-pro-buergerpark-sammelt-ueber-570-unterschriften","status":"publish","type":"post","link":"http:\/\/www.probuergerpark.de\/?p=131","title":{"rendered":"BI Pro B\u00fcrgerpark sammelt \u00fcber 570 Unterschriften"},"content":{"rendered":"\n<div class=\"wp-block-image\"><figure class=\"aligncenter size-large\"><img loading=\"lazy\" decoding=\"async\" width=\"402\" height=\"400\" src=\"http:\/\/www.probuergerpark.de\/wp-content\/uploads\/2021\/02\/Uebergabe-Unterschriften-2021_1-402x400.jpg\" alt=\"\" class=\"wp-image-132\" srcset=\"http:\/\/www.probuergerpark.de\/wp-content\/uploads\/2021\/02\/Uebergabe-Unterschriften-2021_1-402x400.jpg 402w, http:\/\/www.probuergerpark.de\/wp-content\/uploads\/2021\/02\/Uebergabe-Unterschriften-2021_1-300x300.jpg 300w, http:\/\/www.probuergerpark.de\/wp-content\/uploads\/2021\/02\/Uebergabe-Unterschriften-2021_1-150x150.jpg 150w, http:\/\/www.probuergerpark.de\/wp-content\/uploads\/2021\/02\/Uebergabe-Unterschriften-2021_1-768x764.jpg 768w, http:\/\/www.probuergerpark.de\/wp-content\/uploads\/2021\/02\/Uebergabe-Unterschriften-2021_1-100x100.jpg 100w, http:\/\/www.probuergerpark.de\/wp-content\/uploads\/2021\/02\/Uebergabe-Unterschriften-2021_1.jpg 1000w\" sizes=\"(max-width: 402px) 100vw, 402px\" \/><figcaption>Von links: Peter Schmidt  und Alexander Pfaff \u00fcberreichen die Unterschriften am Stadthaus<\/figcaption><\/figure><\/div>\n\n\n\n<p><strong>B\u00fcrgerbeteiligung zum Bebauungsplan N 8.4.4 &#8211; Kastanienallee\/Elfeicherweg<\/strong><\/p>\n\n\n\n<p>Der Magistrat der Wissenschaftsstadt Darmstadt hat den Bebauungsplan N 8.4.4 Kastanienallee \/ Elfeicher auf die aktualisierte achte Vorhabenliste gestellt. Die B\u00fcrgerinitiative Pro B\u00fcrgerpark hat daraufhin einen Antrag f\u00fcr eine weitere B\u00fcrgerbeteiligung initiiert. F\u00fcr diesen Antrag sah die Stadt eine Mindestzahl von 285 Unterst\u00fctzungs-Unterschriften vor. Diese Vorgabe hat die B\u00fcrgerinitiative, trotz Corona-Pandemie und den damit zusammenh\u00e4ngenden Einschr\u00e4nkungen, weit \u00fcbertroffen. Insgesamt wurden sogar doppelt so viele Unterschriften gesammelt wie n\u00f6tig gewesen w\u00e4ren: n\u00e4mlich 571 Unterschriften! Zur geforderten Frist am Donnerstag, den 18. Februar 2021 hat die Initiative die Unterschriftenlisten am Stadthaus in den dortigen Briefkasten f\u00fcr die B\u00fcrgerbeauftragte Frau Anja Boularouk eingeworfen.<\/p>\n\n\n\n<p>Das Sammeln der geforderten Unterschriften war durch die Bedingungen in der Pandemie, wegen des Verbots von Info-St\u00e4nden, keine Auslagen in Gesch\u00e4ften und Restaurants usw., sehr erschwert. Dennoch konnten 571 Unterschriften in der 8-Wochenfrist gesammelt werden. Hinzu kam, dass g\u00fcltige Unterschriften nur von Bewohner*innen im Stadtbezirk Nord &#8211; \u00fcberwiegend aus dem Martins- und Johannisviertel &#8211; gesammelt werden konnten. Zur Begr\u00fcndung wird im Antrag folgendes ausgef\u00fchrt: &#8222;Das geplante Bauprojekt bedroht den B\u00fcrgerpark in seiner Funktion als Naherholungsfl\u00e4che. Die geplante Messplatzbebauung mit 500 Wohneinheiten und dem Zuwachs der Bev\u00f6lkerung erh\u00f6hen den Bedarf an Gr\u00fcnfl\u00e4chen. Daher muss die vorhandene Gr\u00fcnfl\u00e4che gesch\u00fctzt und nicht durch eine zus\u00e4tzliche Bebauung N8.4.4 zerst\u00f6rt werden. Zudem sind 50 der nachweislich 118 Bestandsb\u00e4ume seinerzeit illegal gef\u00e4llt worden. Ein Ausgleich, von einer strafrechtlichen Verfolgung ganz zu schweigen (etwa in Form einer Neuaufforstung), ist nicht erfolgt!<\/p>\n\n\n\n<p>Die im Bebauungsplan N 8.4 aufgestellten Ziele, n\u00e4mlich die in privater Hand befindlichen Grundst\u00fccke und Gr\u00fcnfl\u00e4chen zu sch\u00fctzen und zuk\u00fcnftig dem \u00f6ffentlichen B\u00fcrgerpark zuzuf\u00fchren, m\u00fcssen nach unserer Sicht auch im Interesse der Wissenschaftsstadt Darmstadt liegen. Die B\u00fcrgerinitiative Pro B\u00fcrgerpark schl\u00e4gt der B\u00fcrgerbeauftragten daher vor mit ihr gemeinsam die Inhalte der Beteiligung zu erarbeiten und die Beteiligungsmethoden festzulegen. Ein Gespr\u00e4chsangebot haben wir dazu der B\u00fcrgerbeauftragten unterbreitet.<\/p>\n","protected":false},"excerpt":{"rendered":"<p>B\u00fcrgerbeteiligung zum Bebauungsplan N 8.4.4 &#8211; Kastanienallee\/Elfeicherweg Der Magistrat der Wissenschaftsstadt Darmstadt hat den Bebauungsplan N 8.4.4 Kastanienallee \/ Elfeicher auf die aktualisierte achte Vorhabenliste gestellt. Die B\u00fcrgerinitiative Pro B\u00fcrgerpark hat daraufhin einen Antrag f\u00fcr eine weitere B\u00fcrgerbeteiligung initiiert. F\u00fcr diesen Antrag sah die Stadt eine Mindestzahl von 285 Unterst\u00fctzungs-Unterschriften vor. Diese Vorgabe hat die &hellip; <\/p>\n<p class=\"link-more\"><a href=\"http:\/\/www.probuergerpark.de\/?p=131\" class=\"more-link\"><span class=\"screen-reader-text\">\u201eBI Pro B\u00fcrgerpark sammelt \u00fcber 570 Unterschriften\u201c <\/span>weiterlesen<\/a><\/p>\n","protected":false},"author":48,"featured_media":0,"comment_status":"open","ping_status":"open","sticky":false,"template":"","format":"standard","meta":{"footnotes":""},"categories":[1],"tags":[],"_links":{"self":[{"href":"http:\/\/www.probuergerpark.de\/index.php?rest_route=\/wp\/v2\/posts\/131"}],"collection":[{"href":"http:\/\/www.probuergerpark.de\/index.php?rest_route=\/wp\/v2\/posts"}],"about":[{"href":"http:\/\/www.probuergerpark.de\/index.php?rest_route=\/wp\/v2\/types\/post"}],"author":[{"embeddable":true,"href":"http:\/\/www.probuergerpark.de\/index.php?rest_route=\/wp\/v2\/users\/48"}],"replies":[{"embeddable":true,"href":"http:\/\/www.probuergerpark.de\/index.php?rest_route=%2Fwp%2Fv2%2Fcomments&post=131"}],"version-history":[{"count":1,"href":"http:\/\/www.probuergerpark.de\/index.php?rest_route=\/wp\/v2\/posts\/131\/revisions"}],"predecessor-version":[{"id":133,"href":"http:\/\/www.probuergerpark.de\/index.php?rest_route=\/wp\/v2\/posts\/131\/revisions\/133"}],"wp:attachment":[{"href":"http:\/\/www.probuergerpark.de\/index.php?rest_route=%2Fwp%2Fv2%2Fmedia&parent=131"}],"wp:term":[{"taxonomy":"category","embeddable":true,"href":"http:\/\/www.probuergerpark.de\/index.php?rest_route=%2Fwp%2Fv2%2Fcategories&post=131"},{"taxonomy":"post_tag","embeddable":true,"href":"http:\/\/www.probuergerpark.de\/index.php?rest_route=%2Fwp%2Fv2%2Ftags&post=131"}],"curies":[{"name":"wp","href":"https:\/\/api.w.org\/{rel}","templated":true}]}}